{"id":3713,"date":"1982-01-29T17:13:00","date_gmt":"1982-01-29T20:13:00","guid":{"rendered":"http:\/\/www.danielschavelzon.com.ar\/?p=3713"},"modified":"2017-06-19T15:41:25","modified_gmt":"2017-06-19T18:41:25","slug":"un-vaso-olmeca-con-cabanas","status":"publish","type":"post","link":"https:\/\/www.danielschavelzon.com.ar\/?p=3713","title":{"rendered":"Un vaso olmeca con caba\u00f1as"},"content":{"rendered":"<p style=\"text-align: justify;\"><img loading=\"lazy\" decoding=\"async\" class=\"alignleft wp-image-3714 size-full\" style=\"border: 1px solid black;\" src=\"http:\/\/www.danielschavelzon.com.ar\/wp-content\/uploads\/2013\/05\/portada02.jpg\" alt=\"Representaciones de arquitectura en arqueologia extra americana\" width=\"290\" height=\"199\" srcset=\"https:\/\/www.danielschavelzon.com.ar\/wp-content\/uploads\/2013\/05\/portada02.jpg 290w, https:\/\/www.danielschavelzon.com.ar\/wp-content\/uploads\/2013\/05\/portada02-150x102.jpg 150w\" sizes=\"auto, (max-width: 290px) 100vw, 290px\" \/><\/p>\n<p style=\"text-align: justify;\">Art\u00edculo publicado en <em>\u201cLas representaciones de arquitectura en la arqueolog\u00eda de Am\u00e9rica\u201d<\/em>, vol\u00famen I (Mesoam\u00e9rica), pps. 47 \u2013 49, ISBN 968-58-0295-5, Universidad Nacional Aut\u00f3noma de M\u00e9xico (UNAM), M\u00e9xico, 1982.<\/p>\n<p><!--more--><\/p>\n<p style=\"text-align: justify;\">La cultura olmeca, al parecer el primer gran complejo arqueol\u00f3gico de Mesoam\u00e9rica, tuvo muy pocos tipos de representaciones de la arquitectura. A diferencia de otros pueblos que realizaron maquetas, las pintaron, dibujaron y tallaron en sus cer\u00e1micas, estelas y muros en gran cantidad de formas y variedades, existen a la fecha muy pocas evidencias de que este pueblo tuviese esa misma costumbre o tradici\u00f3n.<\/p>\n<p style=\"text-align: justify;\">A la fecha, adem\u00e1s del art\u00edculo anterior de Griffin, s\u00f3lo existe un vaso cer\u00e1mico proveniente de la ofrenda 23 de La Venta, Tabasco, que muestra caba\u00f1as de madera estilizadas y otro analizado luego. Pero la ubicaci\u00f3n temporal es un poco posterior a este pueblo, ya que fue atribuida a la pos-fase IV de ocupaci\u00f3n, fechada entre el 400 y el 150 a.C., es decir que ser\u00eda inmediatamente posterior al abandono de los edificios del centro ceremonial (Ducker, Heizer y Squier 1959: 221-223 y plate 58).<\/p>\n<p style=\"text-align: justify;\">El vaso es cil\u00edndrico con sus paredes ligeramente c\u00f3ncavas, el piso plano y su altura total es de 30 cm; posee restos de pintura roja realizada con hematita especular. La decoraci\u00f3n esgrafiada consiste en tres bandas horizontales que muestran dentro de ellas, caba\u00f1as estilizadas de madera y techo de paja. Alrededor de ellas pueden apreciarse en forma sumamente abstracta, un par de fauces abiertas. Entre cada una de las caba\u00f1as se encuentra un motivo formado por una banda escaleriforme vertical. El vaso sufri\u00f3 durante su uso una rotura y fue reparado en tiempos prehisp\u00e1nicos.<\/p>\n<p style=\"text-align: justify;\">Es evidente que este vaso, que a\u00fana formalmente tanto a lo olmeca como a lo maya, ha sido bien fechado en esa fase, pero de todas formas nos muestra la existencia temprana de este tipo de representaciones arquitect\u00f3nicas. Quiz\u00e1s futuros trabajos nos muestren ejemplos similares de cronolog\u00edas m\u00e1s tempranas.<\/p>\n<div id=\"attachment_3715\" style=\"width: 560px\" class=\"wp-caption aligncenter\"><img loading=\"lazy\" decoding=\"async\" aria-describedby=\"caption-attachment-3715\" class=\"size-full wp-image-3715\" src=\"http:\/\/www.danielschavelzon.com.ar\/wp-content\/uploads\/2013\/05\/vaso_olmeca.jpg\" alt=\"Vaso olmeca tard\u00edo proveniente de La Venta\" width=\"550\" height=\"576\" srcset=\"https:\/\/www.danielschavelzon.com.ar\/wp-content\/uploads\/2013\/05\/vaso_olmeca.jpg 550w, https:\/\/www.danielschavelzon.com.ar\/wp-content\/uploads\/2013\/05\/vaso_olmeca-143x150.jpg 143w, https:\/\/www.danielschavelzon.com.ar\/wp-content\/uploads\/2013\/05\/vaso_olmeca-286x300.jpg 286w\" sizes=\"auto, (max-width: 550px) 100vw, 550px\" \/><p id=\"caption-attachment-3715\" class=\"wp-caption-text\">Vaso olmeca tard\u00edo proveniente de La Venta<\/p><\/div>\n","protected":false},"excerpt":{"rendered":"<p>Art\u00edculo publicado en \u201cLas representaciones de arquitectura en la arqueolog\u00eda de Am\u00e9rica\u201d, vol\u00famen I (Mesoam\u00e9rica), pps. 47 \u2013 49, ISBN 968-58-0295-5, Universidad Nacional Aut\u00f3noma de M\u00e9xico (UNAM), M\u00e9xico, 1982.<\/p>\n","protected":false},"author":2,"featured_media":0,"comment_status":"open","ping_status":"open","sticky":false,"template":"","format":"standard","meta":{"footnotes":""},"categories":[4],"tags":[23,17,52,79,48,56,41,231,2331,24,18,25,16,828,918,46,232,30,47,916,917,919],"class_list":["post-3713","post","type-post","status-publish","format-standard","hentry","category-mexico-guatemala","tag-arqueologo","tag-arqueologia","tag-arqueologia-urbana","tag-arquitectura-precolombina","tag-arquitectura-prehispanica","tag-arte","tag-azteca","tag-daniel-schavelzon","tag-las-representaciones-de-arquitectura-en-la-arqueologia-de-america","tag-maya","tag-mayas","tag-mexico","tag-mesoamerica","tag-olmeca","tag-olmecas","tag-precolombina","tag-schavelzon","tag-sitios-arqueologicos","tag-templos-mayas","tag-vaso","tag-vasos","tag-vasos-olmecas"],"_links":{"self":[{"href":"https:\/\/www.danielschavelzon.com.ar\/index.php?rest_route=\/wp\/v2\/posts\/3713","targetHints":{"allow":["GET"]}}],"collection":[{"href":"https:\/\/www.danielschavelzon.com.ar\/index.php?rest_route=\/wp\/v2\/posts"}],"about":[{"href":"https:\/\/www.danielschavelzon.com.ar\/index.php?rest_route=\/wp\/v2\/types\/post"}],"author":[{"embeddable":true,"href":"https:\/\/www.danielschavelzon.com.ar\/index.php?rest_route=\/wp\/v2\/users\/2"}],"replies":[{"embeddable":true,"href":"https:\/\/www.danielschavelzon.com.ar\/index.php?rest_route=%2Fwp%2Fv2%2Fcomments&post=3713"}],"version-history":[{"count":0,"href":"https:\/\/www.danielschavelzon.com.ar\/index.php?rest_route=\/wp\/v2\/posts\/3713\/revisions"}],"wp:attachment":[{"href":"https:\/\/www.danielschavelzon.com.ar\/index.php?rest_route=%2Fwp%2Fv2%2Fmedia&parent=3713"}],"wp:term":[{"taxonomy":"category","embeddable":true,"href":"https:\/\/www.danielschavelzon.com.ar\/index.php?rest_route=%2Fwp%2Fv2%2Fcategories&post=3713"},{"taxonomy":"post_tag","embeddable":true,"href":"https:\/\/www.danielschavelzon.com.ar\/index.php?rest_route=%2Fwp%2Fv2%2Ftags&post=3713"}],"curies":[{"name":"wp","href":"https:\/\/api.w.org\/{rel}","templated":true}]}}