{"id":1062,"date":"1979-07-02T20:00:10","date_gmt":"1979-07-02T23:00:10","guid":{"rendered":"http:\/\/www.danielschavelzon.com.ar\/?p=1062"},"modified":"2014-07-25T13:20:23","modified_gmt":"2014-07-25T16:20:23","slug":"representaciones-de-poblados-precolombinos-en-ceramicas-arqueologicas-del-ecuador","status":"publish","type":"post","link":"https:\/\/www.danielschavelzon.com.ar\/?p=1062","title":{"rendered":"Representaciones de poblados precolombinos en cer\u00e1micas arqueol\u00f3gicas del Ecuador"},"content":{"rendered":"<p style=\"text-align: justify;\"><img loading=\"lazy\" decoding=\"async\" class=\"alignleft wp-image-1060 size-full\" title=\"DANA N\u00b0 8\" src=\"http:\/\/www.danielschavelzon.com.ar\/wp-content\/uploads\/1979\/07\/dana8.jpg\" alt=\"DANA N\u00b0 8\" width=\"150\" height=\"205\" srcset=\"https:\/\/www.danielschavelzon.com.ar\/wp-content\/uploads\/1979\/07\/dana8.jpg 150w, https:\/\/www.danielschavelzon.com.ar\/wp-content\/uploads\/1979\/07\/dana8-109x150.jpg 109w\" sizes=\"auto, (max-width: 150px) 100vw, 150px\" \/><\/p>\n<p style=\"text-align: justify;\">Art\u00edculo\u00a0publicado en la revista <em>DANA, Documentos de Arquitectura Nacional y Americana<\/em>, n\u00famero 8, p\u00e1ginas 62 a 65, del Instituto Argentino de Investigaciones de Historia de la Arquitectura y del Urbanismo, julio de 1979, ISSN 0326-8640, Resistencia (provincia de Chaco), Rep\u00fablica Argentina.<\/p>\n<p><!--more--><\/p>\n<p style=\"text-align: justify;\">La investigaci\u00f3n en la arquitectura prehisp\u00e1nica, adem\u00e1s de todas las dificultades impuestas por su propia especificidad, posee otras muy particulares que la diferencian como especialidad de otras \u00e1reas de la historia de la arquitectura. No s\u00f3lo los m\u00e9todos a emplear son diferentes, sino que en particular, son pocas las veces en las que podemos contar con construcciones m\u00e1s o menos completas. \u00a1Y ni hablar de tener textos sobre ellas! Con suerte nos enfrentamos a una serie de peque\u00f1os mont\u00edculos de escasos cent\u00edmetros de altura, que guardan los cimientos de una vivienda que fue realizada hace 1000 o 2000 a\u00f1os, en madera y paja.<\/p>\n<p style=\"text-align: justify;\"><span style=\"line-height: 1.714285714; font-size: 1rem;\">Es por eso que muchas veces es necesario recurrir a otras ramas de la arqueolog\u00eda que nos permitan rescatar informaci\u00f3n, ya que de otra forma ser\u00eda imposible reconstruir los modelos de asentamiento y las tipolog\u00edas arquitect\u00f3nicas del pasado m\u00e1s lejano. Uno de esos casos es el que aqu\u00ed presentamos.<\/span><\/p>\n<p style=\"text-align: justify;\">Cuando trabajamos durante 1976-7 en el Ecuador, iniciamos una tarea que consideramos en ese momento importante: la recolecci\u00f3n de la informaci\u00f3n hasta ese momento existente sobre la arquitectura prehisp\u00e1nica de la costa, de la que se ha publicado un volumen <strong>(1)<\/strong>, y m\u00e1s tarde seguimos con otro trabajo similar sobre la regi\u00f3n serrana, que desgraciadamente no pudo ser finalizado. Estas notas corresponden a este \u00faltimo trabajo <strong>(2)<\/strong>.<\/p>\n<p style=\"text-align: justify;\">Una de las caracter\u00edsticas sobresalientes de los poblados de la \u00e9poca prehisp\u00e1nica en la regi\u00f3n serrana, era que por lo general las viviendas del pueblo se realizaban con materiales perecederos: madera, paja, ca\u00f1as y barro; debido a eso, fueron totalmente destruidas con el paso del tiempo.<\/p>\n<p style=\"text-align: justify;\">De todas formas subsisten a\u00fan a la vista mont\u00edculos piramidales, llamados com\u00fan y err\u00f3neamente \u00abtolas\u00bb, que sostuvieron construcciones sobre su parte superior; grandes mont\u00edculos funerarios, fortalezas de piedra y otros edificios, en particular los realizados en la \u00e9poca m\u00e1s tard\u00eda, durante la gran invasi\u00f3n incaica.<\/p>\n<p style=\"text-align: justify;\">Pero respecto a los poblados en general, y a las viviendas del pueblo, casi nada es lo que sabemos. De ah\u00ed que nos vimos impelidos a utilizar otros objetos que nos dieran im\u00e1genes de ellos. Por suerte, pudimos ubicar unos platos de cer\u00e1mica que tienen dibujados sobre su superficie grupos de viviendas, e incluso lo que interpretamos como un poblado circular.<\/p>\n<p style=\"text-align: justify;\">Lo m\u00e1s importante, es que estos dibujos coinciden plenamente con las evidencias arqueol\u00f3gicas existentes (por cierto), con maquetas de cer\u00e1mica y piedra de esas regiones, con las descripciones coloniales, e incluso con algunas viviendas que en la actualidad siguen utilizando los grupos ind\u00edgenas marginados de la regi\u00f3n serrana.<\/p>\n<p style=\"text-align: justify;\">Todos los platos en cuesti\u00f3n tienen la misma escena: un t\u00edpico poblado circular serrano, con las viviendas tradicionales, el que se encuentra rodeado por un alto cerco de madera. Aunque con diferentes grados de estilizaci\u00f3n formal los dibujos son similares entre s\u00ed y f\u00e1cilmente reconocibles.<\/p>\n<p style=\"text-align: justify;\">Si bien nuestro muestrario no es demasiado amplio, debemos aceptar que existen en grandes cantidades. En una semana pudimos adquirir media docena de ellos en los negocios que libremente venden arqueolog\u00eda en Quito. Los platos que formaron nuestra incipiente colecci\u00f3n se encuentran actualmente en el Museo del Banco Central de Quito.<\/p>\n<p style=\"text-align: justify;\">Todos los platos pertenecen a las provincias norte\u00f1as de Imbabura y Carchi, continu\u00e1ndose \u00e9stos en la regi\u00f3n sure\u00f1a de Colombia, ya que ambas formaban un todo en la \u00e9poca prehisp\u00e1nica.<\/p>\n<p style=\"text-align: justify;\">Respecto a su ubicaci\u00f3n cultural y cronol\u00f3gica es poco lo que podemos decir, ya que ninguno de \u00e9stos fueron reportado por arque\u00f3logos, sino que son fruto del inmisericorde saqueo al que el Ecuador est\u00e1 expuesto. Pese a eso, los podemos ubicar en las culturas Cuasmal y Negativo del Carchi, y son relativamente tard\u00edo. Desgraciadamente no existen trabajos que ubiquen con exactitud estas culturas en el tiempo; e incluso los diferentes autores de trabajos al respecto disienten sobre \u00e9pocas y nombres.<\/p>\n<p style=\"text-align: justify;\">Los platos son de base anular, de boca ancha y pintados del lado interior, en forma similar a otros miles que existen en la regi\u00f3n serrana. La pintura puede ser tanto positiva como negativa, pero siempre interior. En el primer caso es roja, en el segundo negruzca. Los platos tienen representaciones similares en cuanto a formas y dibujos, existiendo algunos que hasta parecen haber sido realizado por la mano de un mismo artesano.<\/p>\n<p style=\"text-align: justify;\">Debemos hacer notar que entre casa y casa aparecen unas l\u00edneas verticales, a veces unidas en sus extremos superior, las que interpretamos como un cerco de madera que rodeaba al poblado como protecci\u00f3n.<\/p>\n<p style=\"text-align: justify;\">Son notables los techos en forma de \u00abdoble huso\u00bb. Hay platos en los cuales aparecen animales entre las viviendas, tales como p\u00e1jaros o monos.<\/p>\n<p style=\"text-align: justify;\">Podr\u00edamos agregar algo respecto a la forma de representar, dado que si bien las tasas est\u00e1n dibujadas en forma vertical y de frente, debido la formaci\u00f3n con cava del plato da la sensaci\u00f3n de estar rebatida, lo que les da una inusual perspectiva a\u00e9rea.<\/p>\n<p style=\"text-align: justify;\">Con referencia a la arquitectura dom\u00e9stica serrana es poco lo que podemos incluir en estas breves notas, pese a que existe una vasta informaci\u00f3n al respecto. Por lo general las viviendas eran circulares con paredes de adobe o piedra; los techos se realizaban con paja y maderas. En el libro de Porras <strong>(3)<\/strong> encontramos la siguiente informaci\u00f3n: \u00abparece que las poblaciones de este per\u00edodo (Cuasmal) estaban construidas por grupos de casas de planta circular; las hay desde 5 metros hasta 20; aunque en su mayor\u00eda tienen cerca de 12 metros. Las paredes eran bajas, de tierra prensada, posiblemente no llegaban a la altura de un hombre, de corte trapezoidal. Acaso uno o varios postes colocados al ruedo sosten\u00edan la techumbre, aunque una sola puerta daba acceso a la vivienda\u00bb.<\/p>\n<p style=\"text-align: justify;\">Podemos traer a colaci\u00f3n del tema unas maquetas de cer\u00e1mica que tienen representaciones arquitect\u00f3nicas similares a las de los platos, en particular una proveniente del Banco Central <strong>(4)<\/strong>, de la cultura Cuasmal. Esta, al igual que muchas otras, muestran planta circular, cuerpo cil\u00edndrico, techo en \u00abdoble huso\u00bb y todas las caracter\u00edsticas generales de las que est\u00e1n dibujadas en los platos en cuesti\u00f3n.<\/p>\n<p style=\"text-align: justify;\">Creo que con estas cortas notas la intenci\u00f3n inicial del trabajo est\u00e1 cumplida: dar a conocer estos platos, como forma de ir aportando material para trabajar sobre la arquitectura prehisp\u00e1nica y los asentamientos en la regi\u00f3n serrana.<\/p>\n<p style=\"text-align: justify;\">Antes de terminar, quisi\u00e9ramos citar un hecho interesante: el que de la sierra, al igual que en la costa del Ecuador, se encuentra un mismo patr\u00f3n de asentamiento, el circular. En las regiones coste\u00f1as est\u00e1 comprobado desde el Formativo temprano en El Real Ato (Valdivia), continu\u00e1ndose en Machalilla y posiblemente Chorrera.<\/p>\n<p style=\"text-align: justify;\"><strong>Notas<\/strong><\/p>\n<p style=\"text-align: justify; padding-left: 30px;\"><strong>(1)<\/strong> \u00abArquitectura y arqueolog\u00eda del Ecuador prehisp\u00e1nico\u00bb, publicado por la Universidad Nacional Aut\u00f3noma de M\u00e9xico; 1980.<br \/>\n<strong>(2) <\/strong>En el libro citado anteriormente se encuentra un cap\u00edtulo que incluye parte de la informaci\u00f3n aqu\u00ed analizada. La numeraci\u00f3n de las piezas es la de esa publicaci\u00f3n.<br \/>\n<strong>(3)<\/strong> P. Porras y L. Piana Bruno, \u00abArqueolog\u00eda del Ecuador\u00bb, 1975; Guayaquil.<br \/>\n<strong>(4)<\/strong> Se trata de la pieza n\u00famero 1-26-76 de ese museo.<\/p>\n<p style=\"text-align: justify;\">Las estar\u00e1 y pertenecen al Museo del Banco Central de Quito, y las reproducimos por autorizaci\u00f3n de dicha instituci\u00f3n y de la Direcci\u00f3n Nnacional del Patrimonio Art\u00edstico.<\/p>\n<p style=\"text-align: justify;\">El platos n\u00famero 101-S pertenece al se\u00f1or I. Cruz, y el 104-S a la Fundaci\u00f3n Guayasam\u00edn, ambas de Quito.<\/p>\n<p style=\"text-align: justify;\"><strong>Imagenes<\/strong><\/p>\n<div id=\"attachment_1066\" style=\"width: 310px\" class=\"wp-caption aligncenter\"><a href=\"http:\/\/www.danielschavelzon.com.ar\/wp-content\/uploads\/1979\/07\/foto01.jpg\" title=\"Poblados prehisp\u00e1nicos en Ecuador\"><img loading=\"lazy\" decoding=\"async\" aria-describedby=\"caption-attachment-1066\" class=\"size-medium wp-image-1066\" title=\"Poblados prehisp\u00e1nicos en Ecuador\" src=\"http:\/\/www.danielschavelzon.com.ar\/wp-content\/uploads\/1979\/07\/foto01-300x194.jpg\" alt=\"Figuras de viviendas en cer\u00e1micas.\" width=\"300\" height=\"194\" srcset=\"https:\/\/www.danielschavelzon.com.ar\/wp-content\/uploads\/1979\/07\/foto01-300x194.jpg 300w, https:\/\/www.danielschavelzon.com.ar\/wp-content\/uploads\/1979\/07\/foto01-150x97.jpg 150w, https:\/\/www.danielschavelzon.com.ar\/wp-content\/uploads\/1979\/07\/foto01.jpg 700w\" sizes=\"auto, (max-width: 300px) 100vw, 300px\" \/><\/a><p id=\"caption-attachment-1066\" class=\"wp-caption-text\">Figuras de viviendas en cer\u00e1micas.<\/p><\/div>\n<div id=\"attachment_1067\" style=\"width: 310px\" class=\"wp-caption aligncenter\"><a href=\"http:\/\/www.danielschavelzon.com.ar\/wp-content\/uploads\/1979\/07\/foto02.jpg\" title=\"Cer\u00e1micas prehisp\u00e1nicas en Ecuador\"><img loading=\"lazy\" decoding=\"async\" aria-describedby=\"caption-attachment-1067\" class=\"size-medium wp-image-1067\" title=\"Cer\u00e1micas prehisp\u00e1nicas en Ecuador\" src=\"http:\/\/www.danielschavelzon.com.ar\/wp-content\/uploads\/1979\/07\/foto02-300x204.jpg\" alt=\"Cer\u00e1micas prehisp\u00e1nicas en Ecuador\" width=\"300\" height=\"204\" srcset=\"https:\/\/www.danielschavelzon.com.ar\/wp-content\/uploads\/1979\/07\/foto02-300x204.jpg 300w, https:\/\/www.danielschavelzon.com.ar\/wp-content\/uploads\/1979\/07\/foto02-150x102.jpg 150w, https:\/\/www.danielschavelzon.com.ar\/wp-content\/uploads\/1979\/07\/foto02.jpg 700w\" sizes=\"auto, (max-width: 300px) 100vw, 300px\" \/><\/a><p id=\"caption-attachment-1067\" class=\"wp-caption-text\">Cer\u00e1mica prehisp\u00e1nica con representaciones de la arquitectura en Ecuador.<\/p><\/div>\n<div id=\"attachment_1068\" style=\"width: 310px\" class=\"wp-caption aligncenter\"><a href=\"http:\/\/www.danielschavelzon.com.ar\/wp-content\/uploads\/1979\/07\/foto03.jpg\" title=\"Cer\u00e1mica prehisp\u00e1nica en Ecuador\"><img loading=\"lazy\" decoding=\"async\" aria-describedby=\"caption-attachment-1068\" class=\"size-medium wp-image-1068\" title=\"Cer\u00e1mica prehisp\u00e1nica en Ecuador\" src=\"http:\/\/www.danielschavelzon.com.ar\/wp-content\/uploads\/1979\/07\/foto03-300x207.jpg\" alt=\"    Cer\u00e1mica prehisp\u00e1nica con representaciones de la arquitectura en Ecuador.\" width=\"300\" height=\"207\" srcset=\"https:\/\/www.danielschavelzon.com.ar\/wp-content\/uploads\/1979\/07\/foto03-300x207.jpg 300w, https:\/\/www.danielschavelzon.com.ar\/wp-content\/uploads\/1979\/07\/foto03-150x103.jpg 150w, https:\/\/www.danielschavelzon.com.ar\/wp-content\/uploads\/1979\/07\/foto03.jpg 700w\" sizes=\"auto, (max-width: 300px) 100vw, 300px\" \/><\/a><p id=\"caption-attachment-1068\" class=\"wp-caption-text\">Cer\u00e1mica prehisp\u00e1nica con representaciones de la arquitectura en Ecuador.<\/p><\/div>\n<div id=\"attachment_1070\" style=\"width: 307px\" class=\"wp-caption aligncenter\"><a href=\"http:\/\/www.danielschavelzon.com.ar\/wp-content\/uploads\/1979\/07\/foto04.jpg\" title=\"Cer\u00e1mica prehisp\u00e1nica en Ecuador\"><img loading=\"lazy\" decoding=\"async\" aria-describedby=\"caption-attachment-1070\" class=\"size-medium wp-image-1070\" title=\"Cer\u00e1mica prehisp\u00e1nica en Ecuador\" src=\"http:\/\/www.danielschavelzon.com.ar\/wp-content\/uploads\/1979\/07\/foto04-297x300.jpg\" alt=\"Cer\u00e1mica prehisp\u00e1nica en Ecuador\" width=\"297\" height=\"300\" srcset=\"https:\/\/www.danielschavelzon.com.ar\/wp-content\/uploads\/1979\/07\/foto04-297x300.jpg 297w, https:\/\/www.danielschavelzon.com.ar\/wp-content\/uploads\/1979\/07\/foto04-148x150.jpg 148w, https:\/\/www.danielschavelzon.com.ar\/wp-content\/uploads\/1979\/07\/foto04.jpg 496w\" sizes=\"auto, (max-width: 297px) 100vw, 297px\" \/><\/a><p id=\"caption-attachment-1070\" class=\"wp-caption-text\">Cer\u00e1mica prehisp\u00e1nica con representaciones de la arquitectura en Ecuador.<\/p><\/div>\n<div id=\"attachment_1071\" style=\"width: 310px\" class=\"wp-caption aligncenter\"><a href=\"http:\/\/www.danielschavelzon.com.ar\/wp-content\/uploads\/1979\/07\/foto05.jpg\" title=\"Representaci\u00f3n de vivienda prehisp\u00e1nica en cer\u00e1micas de Ecuador.\"><img loading=\"lazy\" decoding=\"async\" aria-describedby=\"caption-attachment-1071\" class=\"size-medium wp-image-1071\" title=\"Representaci\u00f3n de vivienda prehisp\u00e1nica en cer\u00e1micas de Ecuador.\" src=\"http:\/\/www.danielschavelzon.com.ar\/wp-content\/uploads\/1979\/07\/foto05-300x299.jpg\" alt=\"Planta de una vivienda prehisp\u00e1nica en Ecuador.\" width=\"300\" height=\"299\" srcset=\"https:\/\/www.danielschavelzon.com.ar\/wp-content\/uploads\/1979\/07\/foto05-300x299.jpg 300w, https:\/\/www.danielschavelzon.com.ar\/wp-content\/uploads\/1979\/07\/foto05-150x149.jpg 150w, https:\/\/www.danielschavelzon.com.ar\/wp-content\/uploads\/1979\/07\/foto05.jpg 500w\" sizes=\"auto, (max-width: 300px) 100vw, 300px\" \/><\/a><p id=\"caption-attachment-1071\" class=\"wp-caption-text\">Planta de una vivienda prehisp\u00e1nica en Ecuador.<\/p><\/div>\n<div id=\"attachment_1287\" style=\"width: 310px\" class=\"wp-caption aligncenter\"><a href=\"http:\/\/www.danielschavelzon.com.ar\/wp-content\/uploads\/1979\/07\/foto06.jpg\" title=\"Cer\u00e1mica prehisp\u00e1nica en Ecuador\"><img loading=\"lazy\" decoding=\"async\" aria-describedby=\"caption-attachment-1287\" class=\"size-full wp-image-1287\" title=\"Cer\u00e1mica prehisp\u00e1nica en Ecuador\" src=\"http:\/\/www.danielschavelzon.com.ar\/wp-content\/uploads\/1979\/07\/foto06.jpg\" alt=\"Representaciones en cer\u00e1mica de la arquitectura prehisp\u00e1nica en Ecuador.\" width=\"300\" height=\"191\" srcset=\"https:\/\/www.danielschavelzon.com.ar\/wp-content\/uploads\/1979\/07\/foto06.jpg 700w, https:\/\/www.danielschavelzon.com.ar\/wp-content\/uploads\/1979\/07\/foto06-150x95.jpg 150w, https:\/\/www.danielschavelzon.com.ar\/wp-content\/uploads\/1979\/07\/foto06-300x191.jpg 300w\" sizes=\"auto, (max-width: 300px) 100vw, 300px\" \/><\/a><p id=\"caption-attachment-1287\" class=\"wp-caption-text\">Representaciones en cer\u00e1mica de la arquitectura prehisp\u00e1nica en Ecuador.<\/p><\/div>\n<div id=\"attachment_1073\" style=\"width: 310px\" class=\"wp-caption aligncenter\"><a href=\"http:\/\/www.danielschavelzon.com.ar\/wp-content\/uploads\/1979\/07\/foto07.jpg\" title=\"Cer\u00e1mica prehisp\u00e1nica en Ecuador\"><img loading=\"lazy\" decoding=\"async\" aria-describedby=\"caption-attachment-1073\" class=\"size-medium wp-image-1073\" title=\"Cer\u00e1mica prehisp\u00e1nica en Ecuador\" src=\"http:\/\/www.danielschavelzon.com.ar\/wp-content\/uploads\/1979\/07\/foto07-300x211.jpg\" alt=\"Representaciones en cer\u00e1mica de la arquitectura prehisp\u00e1nica en Ecuador.\" width=\"300\" height=\"211\" srcset=\"https:\/\/www.danielschavelzon.com.ar\/wp-content\/uploads\/1979\/07\/foto07-300x211.jpg 300w, https:\/\/www.danielschavelzon.com.ar\/wp-content\/uploads\/1979\/07\/foto07-150x105.jpg 150w, https:\/\/www.danielschavelzon.com.ar\/wp-content\/uploads\/1979\/07\/foto07.jpg 700w\" sizes=\"auto, (max-width: 300px) 100vw, 300px\" \/><\/a><p id=\"caption-attachment-1073\" class=\"wp-caption-text\">Representaciones en cer\u00e1mica de la arquitectura prehisp\u00e1nica en Ecuador.<\/p><\/div>\n<p style=\"text-align: center;\"><a href=\"http:\/\/www.danielschavelzon.com.ar\/wp-content\/uploads\/1979\/07\/foto09.jpg\" title=\"Cer\u00e1mica prehisp\u00e1nica en Ecuador\"><img loading=\"lazy\" decoding=\"async\" class=\"aligncenter size-medium wp-image-1888\" title=\"Cer\u00e1mica prehisp\u00e1nica en Ecuador\" src=\"http:\/\/www.danielschavelzon.com.ar\/wp-content\/uploads\/1979\/07\/foto09-300x222.jpg\" alt=\"foto09\" width=\"300\" height=\"222\" srcset=\"https:\/\/www.danielschavelzon.com.ar\/wp-content\/uploads\/1979\/07\/foto09-300x222.jpg 300w, https:\/\/www.danielschavelzon.com.ar\/wp-content\/uploads\/1979\/07\/foto09-150x111.jpg 150w, https:\/\/www.danielschavelzon.com.ar\/wp-content\/uploads\/1979\/07\/foto09.jpg 673w\" sizes=\"auto, (max-width: 300px) 100vw, 300px\" \/><\/a><\/p>\n<p style=\"text-align: center;\"><a href=\"http:\/\/www.danielschavelzon.com.ar\/wp-content\/uploads\/1979\/07\/foto10.jpg\" title=\"Cer\u00e1mica prehisp\u00e1nica en Ecuador\"><img loading=\"lazy\" decoding=\"async\" class=\"aligncenter size-medium wp-image-1889\" title=\"Cer\u00e1mica prehisp\u00e1nica en Ecuador\" src=\"http:\/\/www.danielschavelzon.com.ar\/wp-content\/uploads\/1979\/07\/foto10-300x201.jpg\" alt=\"foto10\" width=\"300\" height=\"201\" srcset=\"https:\/\/www.danielschavelzon.com.ar\/wp-content\/uploads\/1979\/07\/foto10-300x201.jpg 300w, https:\/\/www.danielschavelzon.com.ar\/wp-content\/uploads\/1979\/07\/foto10-150x100.jpg 150w, https:\/\/www.danielschavelzon.com.ar\/wp-content\/uploads\/1979\/07\/foto10.jpg 700w\" sizes=\"auto, (max-width: 300px) 100vw, 300px\" \/><\/a><\/p>\n<p style=\"text-align: center;\"><a href=\"http:\/\/www.danielschavelzon.com.ar\/wp-content\/uploads\/1979\/07\/foto11.jpg\" title=\"Cer\u00e1mica prehisp\u00e1nica en Ecuador\"><img loading=\"lazy\" decoding=\"async\" class=\"aligncenter size-medium wp-image-1890\" title=\"Cer\u00e1mica prehisp\u00e1nica en Ecuador\" src=\"http:\/\/www.danielschavelzon.com.ar\/wp-content\/uploads\/1979\/07\/foto11-300x186.jpg\" alt=\"foto11\" width=\"300\" height=\"186\" srcset=\"https:\/\/www.danielschavelzon.com.ar\/wp-content\/uploads\/1979\/07\/foto11-300x186.jpg 300w, https:\/\/www.danielschavelzon.com.ar\/wp-content\/uploads\/1979\/07\/foto11-150x93.jpg 150w, https:\/\/www.danielschavelzon.com.ar\/wp-content\/uploads\/1979\/07\/foto11.jpg 700w\" sizes=\"auto, (max-width: 300px) 100vw, 300px\" \/><\/a><\/p>\n","protected":false},"excerpt":{"rendered":"<p>Art\u00edculo\u00a0publicado en la revista DANA, Documentos de Arquitectura Nacional y Americana, n\u00famero 8, p\u00e1ginas 62 a 65, del Instituto Argentino de Investigaciones de Historia de la Arquitectura y del Urbanismo, julio de 1979, ISSN 0326-8640, Resistencia (provincia de Chaco), Rep\u00fablica Argentina.<\/p>\n","protected":false},"author":2,"featured_media":0,"comment_status":"open","ping_status":"open","sticky":false,"template":"","format":"standard","meta":{"footnotes":""},"categories":[77],"tags":[23,17,149,52,79,56,151,152,43,133,2231,150,46,45,30,19],"class_list":["post-1062","post","type-post","status-publish","format-standard","hentry","category-ecuador","tag-arqueologo","tag-arqueologia","tag-arqueologia-americana","tag-arqueologia-urbana","tag-arquitectura-precolombina","tag-arte","tag-ceramica-precolombina","tag-ceramica-prehispanica","tag-culturas-precolombinas","tag-culturas-prehispanicas","tag-ecuador","tag-indigenas-ecuatorianos","tag-precolombina","tag-saqueo-arqueologico","tag-sitios-arqueologicos","tag-trafico-de-arte"],"_links":{"self":[{"href":"https:\/\/www.danielschavelzon.com.ar\/index.php?rest_route=\/wp\/v2\/posts\/1062","targetHints":{"allow":["GET"]}}],"collection":[{"href":"https:\/\/www.danielschavelzon.com.ar\/index.php?rest_route=\/wp\/v2\/posts"}],"about":[{"href":"https:\/\/www.danielschavelzon.com.ar\/index.php?rest_route=\/wp\/v2\/types\/post"}],"author":[{"embeddable":true,"href":"https:\/\/www.danielschavelzon.com.ar\/index.php?rest_route=\/wp\/v2\/users\/2"}],"replies":[{"embeddable":true,"href":"https:\/\/www.danielschavelzon.com.ar\/index.php?rest_route=%2Fwp%2Fv2%2Fcomments&post=1062"}],"version-history":[{"count":0,"href":"https:\/\/www.danielschavelzon.com.ar\/index.php?rest_route=\/wp\/v2\/posts\/1062\/revisions"}],"wp:attachment":[{"href":"https:\/\/www.danielschavelzon.com.ar\/index.php?rest_route=%2Fwp%2Fv2%2Fmedia&parent=1062"}],"wp:term":[{"taxonomy":"category","embeddable":true,"href":"https:\/\/www.danielschavelzon.com.ar\/index.php?rest_route=%2Fwp%2Fv2%2Fcategories&post=1062"},{"taxonomy":"post_tag","embeddable":true,"href":"https:\/\/www.danielschavelzon.com.ar\/index.php?rest_route=%2Fwp%2Fv2%2Ftags&post=1062"}],"curies":[{"name":"wp","href":"https:\/\/api.w.org\/{rel}","templated":true}]}}