{"id":7729,"date":"2024-09-05T10:29:36","date_gmt":"2024-09-05T13:29:36","guid":{"rendered":"https:\/\/www.danielschavelzon.com.ar\/?p=7729"},"modified":"2024-09-05T10:34:55","modified_gmt":"2024-09-05T13:34:55","slug":"jacinto-jijon-y-caamano-un-texto-en-los-origenes-de-la-arqueologia-del-ecuador-1910","status":"publish","type":"post","link":"http:\/\/www.danielschavelzon.com.ar\/?p=7729","title":{"rendered":"Jacinto Jij\u00f3n y Caama\u00f1o: un texto en los or\u00edgenes de la arqueolog\u00eda del Ecuador (1910)"},"content":{"rendered":"<p class=\"Default\" style=\"text-align: justify;\"><a href=\"https:\/\/www.danielschavelzon.com.ar\/?p=7729http:\/\/\"><img loading=\"lazy\" decoding=\"async\" class=\"alignleft size-full wp-image-7732\" src=\"http:\/\/www.danielschavelzon.com.ar\/wp-content\/uploads\/2024\/09\/Jijon_y_Camano_Ecuador_1910.jpg\" alt=\"\" width=\"150\" height=\"202\" srcset=\"http:\/\/www.danielschavelzon.com.ar\/wp-content\/uploads\/2024\/09\/Jijon_y_Camano_Ecuador_1910.jpg 150w, http:\/\/www.danielschavelzon.com.ar\/wp-content\/uploads\/2024\/09\/Jijon_y_Camano_Ecuador_1910-111x150.jpg 111w\" sizes=\"auto, (max-width: 150px) 100vw, 150px\" \/><\/a>Una hoja escrita por <strong>Jacinto Jij\u00f3n y Caama\u00f1o<\/strong> (1890-1950) entre los a\u00f1os 1909 y 1910, una m\u00e1s en la inmensidad de sus escritos, me llev\u00f3 a reflexionar sobre los a\u00f1os iniciales de la arqueolog\u00eda en Ecuador. Y en los a\u00f1os en que Jij\u00f3n decidi\u00f3 dedicarse a investigar el pasado, lo que hizo tanto desde la arqueolog\u00eda como entre los documentos hist\u00f3ricos. Y a usar las interpretaciones que iba estableciendo para accionar sobre su presente, para su larga militancia pol\u00edtica conservadora. Una personalidad notable en la que no hay manera de separar pasado y futuro en un presente militante que construy\u00f3 y que lo reconstruy\u00f3 hasta su muerte. Parece no resultar algo casual que sus mejores investigaciones fueron hechas en el exilio.<\/p>\n<p><!--more--><\/p>\n<p class=\"Default\" style=\"text-align: center;\" align=\"center\"><div class=\"_df_book df-lite\" id=\"df_7726\"  _slug=\"jacinto-jijon-y-caamano-un-texto-en-los-origenes-de-la-arqueologia-del-ecuador-1910\" data-title=\"jacinto-jijon-y-caamano-un-texto-en-los-origenes-de-la-arqueologia-del-ecuador-1910\" wpoptions=\"true\" thumbtype=\"\" ><\/div><script class=\"df-shortcode-script\" nowprocket type=\"application\/javascript\">window.option_df_7726 = {\"outline\":[],\"autoEnableOutline\":\"false\",\"autoEnableThumbnail\":\"false\",\"overwritePDFOutline\":\"false\",\"direction\":\"1\",\"pageSize\":\"0\",\"source\":\"http:\\\/\\\/www.danielschavelzon.com.ar\\\/wp-content\\\/uploads\\\/2024\\\/09\\\/Jijon_y_Camano_Ecuador_1910.pdf\",\"wpOptions\":\"true\"}; if(window.DFLIP && window.DFLIP.parseBooks){window.DFLIP.parseBooks();}<\/script><\/p>\n<p class=\"Default\" style=\"text-align: center;\" align=\"center\">Si no puede visualizar el documento, presione el siguiente <a href=\"http:\/\/www.danielschavelzon.com.ar\/wp-content\/uploads\/2024\/09\/Jijon_y_Camano_Ecuador_1910.pdf\" target=\"_blank\" rel=\"noopener\"><strong>enlace<\/strong><\/a>.<\/p>\n","protected":false},"excerpt":{"rendered":"<p>Una hoja escrita por Jacinto Jij\u00f3n y Caama\u00f1o (1890-1950) entre los a\u00f1os 1909 y 1910, una m\u00e1s en la inmensidad de sus escritos, me llev\u00f3 a reflexionar sobre los a\u00f1os iniciales de la arqueolog\u00eda en Ecuador. Y en los a\u00f1os en que Jij\u00f3n decidi\u00f3 dedicarse a investigar el pasado, lo que hizo tanto desde la [&hellip;]<\/p>\n","protected":false},"author":2,"featured_media":0,"comment_status":"closed","ping_status":"open","sticky":false,"template":"","format":"standard","meta":{"footnotes":""},"categories":[77],"tags":[17,2554,362,52,231,2555,2231,2553,232,2483],"class_list":["post-7729","post","type-post","status-publish","format-standard","hentry","category-ecuador","tag-arqueologia","tag-arqueologia-ecuatoriana","tag-arqueologia-historica","tag-arqueologia-urbana","tag-daniel-schavelzon","tag-documentos-historicos","tag-ecuador","tag-jacinta-jijon-y-caamano","tag-schavelzon","tag-siglo-xx"],"_links":{"self":[{"href":"http:\/\/www.danielschavelzon.com.ar\/index.php?rest_route=\/wp\/v2\/posts\/7729","targetHints":{"allow":["GET"]}}],"collection":[{"href":"http:\/\/www.danielschavelzon.com.ar\/index.php?rest_route=\/wp\/v2\/posts"}],"about":[{"href":"http:\/\/www.danielschavelzon.com.ar\/index.php?rest_route=\/wp\/v2\/types\/post"}],"author":[{"embeddable":true,"href":"http:\/\/www.danielschavelzon.com.ar\/index.php?rest_route=\/wp\/v2\/users\/2"}],"replies":[{"embeddable":true,"href":"http:\/\/www.danielschavelzon.com.ar\/index.php?rest_route=%2Fwp%2Fv2%2Fcomments&post=7729"}],"version-history":[{"count":0,"href":"http:\/\/www.danielschavelzon.com.ar\/index.php?rest_route=\/wp\/v2\/posts\/7729\/revisions"}],"wp:attachment":[{"href":"http:\/\/www.danielschavelzon.com.ar\/index.php?rest_route=%2Fwp%2Fv2%2Fmedia&parent=7729"}],"wp:term":[{"taxonomy":"category","embeddable":true,"href":"http:\/\/www.danielschavelzon.com.ar\/index.php?rest_route=%2Fwp%2Fv2%2Fcategories&post=7729"},{"taxonomy":"post_tag","embeddable":true,"href":"http:\/\/www.danielschavelzon.com.ar\/index.php?rest_route=%2Fwp%2Fv2%2Ftags&post=7729"}],"curies":[{"name":"wp","href":"https:\/\/api.w.org\/{rel}","templated":true}]}}