{"id":2434,"date":"2010-03-22T12:13:34","date_gmt":"2010-03-22T15:13:34","guid":{"rendered":"http:\/\/www.danielschavelzon.com.ar\/?p=2434"},"modified":"2016-04-18T21:22:57","modified_gmt":"2016-04-19T00:22:57","slug":"proyecto-de-recuperacion-del-area-fundacional-de-puerto-deseado-provincia-de-santa-cruz","status":"publish","type":"post","link":"http:\/\/www.danielschavelzon.com.ar\/?p=2434","title":{"rendered":"Proyecto de recuperaci\u00f3n del \u00c1rea Fundacional de Puerto Deseado, provincia de Santa Cruz"},"content":{"rendered":"<p><a href=\"http:\/\/www.danielschavelzon.com.ar\/wp-content\/uploads\/2010\/03\/tapa8.jpg\" title=\"Estado Actual de las Investigaciones realizadas sobre Patrimonio Cultural en Santa Cruz\"><img loading=\"lazy\" decoding=\"async\" class=\"alignleft wp-image-2435 size-full\" title=\"Estado Actual de las Investigaciones realizadas sobre Patrimonio Cultural en Santa Cruz\" src=\"http:\/\/www.danielschavelzon.com.ar\/wp-content\/uploads\/2010\/03\/tapa8.jpg\" alt=\"\" width=\"150\" height=\"193\" srcset=\"http:\/\/www.danielschavelzon.com.ar\/wp-content\/uploads\/2010\/03\/tapa8.jpg 150w, http:\/\/www.danielschavelzon.com.ar\/wp-content\/uploads\/2010\/03\/tapa8-116x150.jpg 116w\" sizes=\"auto, (max-width: 150px) 100vw, 150px\" \/><\/a><\/p>\n<p style=\"text-align: justify;\">Art\u00edculo de Daniel Sch\u00e1velzon y Guillermo Paez publicado en <em>Estado Actual de las Investigaciones realizadas sobre Patrimonio Cultural en Santa Cruz<\/em>, pps. 153 a\u00a0160, publicado por la Direcci\u00f3n de Patrimonio Cultural de la Subsecretaria de Cultura de Santa Cruz, Editorial Patrimonio Cultural, provincia de Santa Cruz, Argentina.<\/p>\n<p style=\"text-align: justify;\"><a href=\"http:\/\/www.danielschavelzon.com.ar\/ebooks\/Proyecto_Area_fundacional_Puerto_Deseado.pdf\" target=\"_blank\"><img loading=\"lazy\" decoding=\"async\" class=\"alignnone\" src=\"http:\/\/www.danielschavelzon.com.ar\/pdf.png\" alt=\"\" width=\"48\" height=\"48\" \/>\u00a0<strong>Descargar PDF<\/strong><\/a><\/p>\n<p style=\"text-align: justify;\"><!--more--><\/p>\n<p style=\"text-align: justify;\">El presente proyecto se encuentra en ejecuci\u00f3n desde el a\u00f1o 2005, y apunta a la puesta en valor del \u00c1rea Fundacional y de su entorno. En funci\u00f3n de los resultados obtenidos hasta el momento en las distintas campa\u00f1as arqueol\u00f3gicas, en el desarrollo de la investigaci\u00f3n documental, y luego de una serie de reuniones con los funcionarios municipales responsables de las \u00e1reas involucradas en este tema, plateamos la necesidad de elaborar un \u00abProyecto para la recuperaci\u00f3n y manejo del \u00c1rea Fundacional y de su entorno\u00bb, que contemple la creaci\u00f3n de un museo de sitio en el que quedan expuestas las estructuras arquitect\u00f3nicas, el trabajo realizado a trav\u00e9s de paneles explicativos y los materiales culturales hallados.<\/p>\n<p style=\"text-align: center;\"><\/p>\n<p>&nbsp;<\/p>\n","protected":false},"excerpt":{"rendered":"<p>Art\u00edculo de Daniel Sch\u00e1velzon y Guillermo Paez publicado en Estado Actual de las Investigaciones realizadas sobre Patrimonio Cultural en Santa Cruz, pps. 153 a\u00a0160, publicado por la Direcci\u00f3n de Patrimonio Cultural de la Subsecretaria de Cultura de Santa Cruz, Editorial Patrimonio Cultural, provincia de Santa Cruz, Argentina. \u00a0Descargar PDF<\/p>\n","protected":false},"author":2,"featured_media":0,"comment_status":"open","ping_status":"open","sticky":false,"template":"","format":"standard","meta":{"footnotes":""},"categories":[3],"tags":[2228,23,17,1007,520,52,62,231,358,13,87,435,29,519,436,232,30],"class_list":["post-2434","post","type-post","status-publish","format-standard","hentry","category-argentina","tag-argentina","tag-arqueologo","tag-arqueologia","tag-arqueologia-en-patagonia","tag-arqueologia-patagonica","tag-arqueologia-urbana","tag-arqueologia-argentina","tag-daniel-schavelzon","tag-guillermo-paez","tag-historia-argentina","tag-museos","tag-patagonia","tag-preservacion","tag-puerto-deseado","tag-santa-cruz","tag-schavelzon","tag-sitios-arqueologicos"],"_links":{"self":[{"href":"http:\/\/www.danielschavelzon.com.ar\/index.php?rest_route=\/wp\/v2\/posts\/2434","targetHints":{"allow":["GET"]}}],"collection":[{"href":"http:\/\/www.danielschavelzon.com.ar\/index.php?rest_route=\/wp\/v2\/posts"}],"about":[{"href":"http:\/\/www.danielschavelzon.com.ar\/index.php?rest_route=\/wp\/v2\/types\/post"}],"author":[{"embeddable":true,"href":"http:\/\/www.danielschavelzon.com.ar\/index.php?rest_route=\/wp\/v2\/users\/2"}],"replies":[{"embeddable":true,"href":"http:\/\/www.danielschavelzon.com.ar\/index.php?rest_route=%2Fwp%2Fv2%2Fcomments&post=2434"}],"version-history":[{"count":0,"href":"http:\/\/www.danielschavelzon.com.ar\/index.php?rest_route=\/wp\/v2\/posts\/2434\/revisions"}],"wp:attachment":[{"href":"http:\/\/www.danielschavelzon.com.ar\/index.php?rest_route=%2Fwp%2Fv2%2Fmedia&parent=2434"}],"wp:term":[{"taxonomy":"category","embeddable":true,"href":"http:\/\/www.danielschavelzon.com.ar\/index.php?rest_route=%2Fwp%2Fv2%2Fcategories&post=2434"},{"taxonomy":"post_tag","embeddable":true,"href":"http:\/\/www.danielschavelzon.com.ar\/index.php?rest_route=%2Fwp%2Fv2%2Ftags&post=2434"}],"curies":[{"name":"wp","href":"https:\/\/api.w.org\/{rel}","templated":true}]}}